{"id":908,"date":"2024-11-09T22:44:22","date_gmt":"2024-11-09T22:44:22","guid":{"rendered":"https:\/\/www.muzikoterapeuti.hr\/?p=908"},"modified":"2024-11-09T22:44:22","modified_gmt":"2024-11-09T22:44:22","slug":"europski-dan-muzikoterapije-3","status":"publish","type":"post","link":"http:\/\/www.muzikoterapeuti.hr\/?p=908","title":{"rendered":"EUROPSKI DAN MUZIKOTERAPIJE"},"content":{"rendered":"\n<p>Hrvatska udruga muzikoterapeuta u suradnji sa ETI Vinkovec i \u010detvrtu godinu za redom doma\u0107in je obilje\u017eavanja Europskog dana muzikoterapije. Ove godine moto obilje\u017eavanja je\u00a0<strong>Ritam dobrobiti<\/strong>\u00a0a usmjeren je na primjenu muzikoterapije u mentalnom zdravlju.<\/p>\n\n\n\n<p>Ovdje je plakat, a kako nastaju svi ostali plakati na jezicima raznih zemalja mo\u017eete pratiti naweb stranici koju tako\u0111er kreiramo i ure\u0111ujemo mi:\u00a0<a rel=\"noreferrer noopener\" href=\"https:\/\/musictherapyday.eu\/zbirke\/\" target=\"_blank\">https:\/\/musictherapyday.eu\/zbirke\/<\/a><\/p>\n\n\n<div class=\"wp-block-image\">\n<figure class=\"aligncenter size-large is-resized\"><a href=\"https:\/\/www.muzikoterapeuti.hr\/wp-content\/uploads\/2024\/11\/Poster24HR.jpg\"><img decoding=\"async\" loading=\"lazy\" src=\"https:\/\/www.muzikoterapeuti.hr\/wp-content\/uploads\/2024\/11\/Poster24HR-725x1024.jpg\" alt=\"\" class=\"wp-image-909\" width=\"544\" height=\"768\" srcset=\"http:\/\/www.muzikoterapeuti.hr\/wp-content\/uploads\/2024\/11\/Poster24HR-725x1024.jpg 725w, http:\/\/www.muzikoterapeuti.hr\/wp-content\/uploads\/2024\/11\/Poster24HR-212x300.jpg 212w, http:\/\/www.muzikoterapeuti.hr\/wp-content\/uploads\/2024\/11\/Poster24HR-768x1085.jpg 768w, http:\/\/www.muzikoterapeuti.hr\/wp-content\/uploads\/2024\/11\/Poster24HR-1087x1536.jpg 1087w, http:\/\/www.muzikoterapeuti.hr\/wp-content\/uploads\/2024\/11\/Poster24HR.jpg 1123w\" sizes=\"(max-width: 544px) 100vw, 544px\" \/><\/a><\/figure><\/div>","protected":false},"excerpt":{"rendered":"<p>Hrvatska udruga muzikoterapeuta u suradnji sa ETI Vinkovec i \u010detvrtu godinu za redom doma\u0107in je obilje\u017eavanja Europskog dana muzikoterapije. Ove godine moto obilje\u017eavanja je\u00a0Ritam dobrobiti\u00a0a usmjeren je na primjenu muzikoterapije u mentalnom zdravlju. Ovdje je plakat, a kako nastaju svi ostali plakati na jezicima raznih zemalja mo\u017eete pratiti naweb stranici koju tako\u0111er kreiramo i ure\u0111ujemo &hellip; <a href=\"http:\/\/www.muzikoterapeuti.hr\/?p=908\" class=\"more-link\">Nastavi \u010ditati <span class=\"screen-reader-text\">EUROPSKI DAN MUZIKOTERAPIJE<\/span> <span class=\"meta-nav\">&rarr;<\/span><\/a><\/p>\n","protected":false},"author":1,"featured_media":0,"comment_status":"closed","ping_status":"","sticky":false,"template":"","format":"standard","meta":[],"categories":[1],"tags":[],"_links":{"self":[{"href":"http:\/\/www.muzikoterapeuti.hr\/index.php?rest_route=\/wp\/v2\/posts\/908"}],"collection":[{"href":"http:\/\/www.muzikoterapeuti.hr\/index.php?rest_route=\/wp\/v2\/posts"}],"about":[{"href":"http:\/\/www.muzikoterapeuti.hr\/index.php?rest_route=\/wp\/v2\/types\/post"}],"author":[{"embeddable":true,"href":"http:\/\/www.muzikoterapeuti.hr\/index.php?rest_route=\/wp\/v2\/users\/1"}],"replies":[{"embeddable":true,"href":"http:\/\/www.muzikoterapeuti.hr\/index.php?rest_route=%2Fwp%2Fv2%2Fcomments&post=908"}],"version-history":[{"count":1,"href":"http:\/\/www.muzikoterapeuti.hr\/index.php?rest_route=\/wp\/v2\/posts\/908\/revisions"}],"predecessor-version":[{"id":910,"href":"http:\/\/www.muzikoterapeuti.hr\/index.php?rest_route=\/wp\/v2\/posts\/908\/revisions\/910"}],"wp:attachment":[{"href":"http:\/\/www.muzikoterapeuti.hr\/index.php?rest_route=%2Fwp%2Fv2%2Fmedia&parent=908"}],"wp:term":[{"taxonomy":"category","embeddable":true,"href":"http:\/\/www.muzikoterapeuti.hr\/index.php?rest_route=%2Fwp%2Fv2%2Fcategories&post=908"},{"taxonomy":"post_tag","embeddable":true,"href":"http:\/\/www.muzikoterapeuti.hr\/index.php?rest_route=%2Fwp%2Fv2%2Ftags&post=908"}],"curies":[{"name":"wp","href":"https:\/\/api.w.org\/{rel}","templated":true}]}}